{"id":748,"date":"2012-02-26T11:41:07","date_gmt":"2012-02-26T10:41:07","guid":{"rendered":"http:\/\/galipot.fr\/sitesfga\/blog\/wordpress\/?p=748"},"modified":"2012-03-15T11:54:22","modified_gmt":"2012-03-15T10:54:22","slug":"airborne-44","status":"publish","type":"post","link":"http:\/\/galipot.fr\/sitesfga\/blog\/wordpress\/?p=748","title":{"rendered":"Bar \u00e0 BD : Airborne 44"},"content":{"rendered":"<h1 style=\"text-align: center;\"><a href=\"http:\/\/galipot.fr\/sitesfga\/blog\/wordpress\/wp-content\/gallery\/images-bd\/airborne01couv_94776_94776.jpg\" rel=\"lightbox[748]\"><img decoding=\"async\" class=\"ngg-singlepic ngg-left\" src=\"http:\/\/galipot.fr\/sitesfga\/blog\/wordpress\/wp-content\/gallery\/images-bd\/airborne01couv_94776_94776.jpg\" alt=\"airborne01couv_94776_94776\" width=\"170\" height=\"238\" \/><\/a>Airborne 44\u00a0T1 et T2<a href=\"http:\/\/galipot.fr\/sitesfga\/blog\/wordpress\/wp-content\/gallery\/images-bd\/airborne02couv_94775_94775.jpg\" rel=\"lightbox[748]\"><img decoding=\"async\" class=\"ngg-singlepic ngg-right\" src=\"http:\/\/galipot.fr\/sitesfga\/blog\/wordpress\/wp-content\/gallery\/images-bd\/airborne02couv_94775_94775.jpg\" alt=\"airborne02couv_94775_94775\" width=\"170\" height=\"238\" \/><\/a><\/h1>\n<p>-Sc\u00e9nario :\u00a0Jarbinet, Philippe<\/p>\n<p>Dessin :\u00a0Jarbinet, Philippe<\/p>\n<p>Collection\u00a0: &#8211;<\/p>\n<p>Editeur :\u00a0Casterman<\/p>\n<p>&#8211;<\/p>\n<p>Date Parution : \u00a023\/09\/2009\u00a0(T1) et19\/10\/2010 (T2)<\/p>\n<p>Pagination : 46 (T1) et 46(T2)<\/p>\n<p>&#8211;<\/p>\n<p>ISBN :978-2-203-01372-8 \u00a0&amp;\u00a0978-2-203-01388-9<\/p>\n<p>\u00a9Casterman 2009 Jarbinet<\/p>\n<h2>L&rsquo;histoire : (Article r\u00e9cup\u00e9r\u00e9 du site <a href=\"http:\/\/www.bdgest.com\/\" target=\"_blank\">BD gest<\/a>)<\/h2>\n<h2><span style=\"color: #3366ff;\">T1 &#8211; L\u00e0 o\u00f9 tombent les hommes<\/span><\/h2>\n<p>D\u00e9cembre 1944<br \/>\nLa bataille des Ardennes fait rage depuis plusieurs jours. Dans une for\u00eat fig\u00e9e par la neige et le gel, d\u2019ultimes d\u00e9tonations parviennent encore aux oreilles d\u2019un GI Airborne abattu dans la neige. Face \u00e0 lui, deux enfants impuissants tentent de l\u2019emp\u00eacher de mourir. Mais dans son dos, une tache de sang s\u2019agrandit inexorablement\u2026<br \/>\nFlash-back.<br \/>\nLa guerre partout, pour tous\u2026<br \/>\nAu milieu d\u2019un ruisseau, Luther Yepsen et un soldat allemand se tiennent mutuellement en joue. Ils h\u00e9sitent \u00e0 s\u2019entretuer. L\u2019Allemand finit par rompre l\u2019affrontement et dispara\u00eet entre les arbres. Luther regarde sa main gauche ensanglant\u00e9e. Il lui manque deux doigts, arrach\u00e9s par une balle. Fouillant d\u00e9sesp\u00e9rement le lit du cours d\u2019eau, il trouve enfin ce qu\u2019il cherche : son annulaire autour duquel se trouve encore son alliance. D\u00e9licatement, il la r\u00e9cup\u00e8re\u2026<br \/>\nSur la cr\u00eate d\u2019une colline, des SS enfouissent des mines sous la neige. La discorde r\u00e8gne entre les officiers. Evoquant une myst\u00e9rieuse mission ordonn\u00e9e par le Reichsf\u00fchrer Himmler en personne, l\u2019un des deux hommes assassine froidement le second. Qui est donc cet Egon Kellerman qu\u2019ils sont charg\u00e9s de retrouver \u00e0 tout prix ?<br \/>\nDans un ancien haras, Gabrielle vit seule avec ses deux derniers chevaux. La guerre lui a pris tout le reste. Tout ce qui comptait \u00e0 ses yeux\u2026 Dans une for\u00eat aux contours de brume et de danger, deux enfants perdus sont partis \u00e0 la rencontre de leurs parents que, dans leur na\u00efvet\u00e9, ils croient encore vivants. Leur destin commun est en marche.<\/p>\n<h2><span style=\"color: #3366ff;\">T2 &#8211;\u00a0Demain sera sans nous<\/span><\/h2>\n<p><em>\u00a0<\/em>Lumi\u00e8re rouge. Bassins. Agrandisseur. Photos qui s\u00e8chent sur un fil\u2026 Dans la pi\u00e8ce o\u00f9 son fr\u00e8re d\u00e9veloppait ses photos avant la guerre, Gabrielle Osterlin regarde appara\u00eetre des visages de femmes et d\u2019enfants, de corps d\u00e9nud\u00e9s face \u00e0 des fusils et des fosses au milieu de nulle part.<br \/>\nLa r\u00e9alit\u00e9 de la barbarie nazie jaillit du pass\u00e9 sur le papier photo, appuy\u00e9e par la force d\u2019un r\u00e9cit minutieux qui ne laisse aucune place au doute. Pour Gabrielle, Luther et Casmir, la guerre prend alors un sens dont peu de gens, \u00e0 l\u2019Ouest, avaient pris conscience.<br \/>\nEt pour cause\u2026 La directive 1005 \u00e9manant du Reichsf\u00fchrer Himmler en personne exigeait que toute trace des massacres perp\u00e9tr\u00e9s \u00e0 l\u2019encontre des Juifs sur le front de l\u2019Est soit impitoyablement traqu\u00e9e et effac\u00e9e. Personne ne devait savoir\u2026<br \/>\nSur le terrain, Himmler faillit r\u00e9ussir.<br \/>\nDans les m\u00e9moires, il en allait tout autrement.<br \/>\nEgon Kellerman et Jakob Osterlin, pauvres \u00ab malgr\u00e9 nous \u00bb enr\u00f4l\u00e9s de force au d\u00e9but de la guerre, font partie de ces m\u00e9moires en fuite. Malheureusement, la connaissance a un prix. Dans le village de Gabrielle, le commando SS a fini par apprendre l\u2019existence de cette derni\u00e8re.<br \/>\nLa chasse est lanc\u00e9e.<br \/>\nElle ne pourra se terminer que par la mort de ceux qui savent.<br \/>\nLe destin, l\u00e0 encore, va choisir ses victimes.<br \/>\nDemain sera sans nous, certes, mais \u00e0 partir de quand ?<br \/>\nC\u2019est aujourd\u2019hui que tout se joue.<br \/>\nSi la parole peut survivre \u00e0 la mort, alors demain pourra parler \u00e0 jamais.<\/p>\n<h2>Mon avis :<\/h2>\n<p>Ce sublime diptyque imagin\u00e9, sc\u00e9naris\u00e9 et dessin\u00e9 par Philippe Jardinet est absolument \u00e0 d\u00e9couvrir. Le dessin est sublime et apporte \u00e0 l&rsquo;histoire toute la justesse n\u00e9c\u00e9ssaire pour raconter une histoire forte et tellement humaine.<\/p>\n<p>Une s\u00e9rie qu&rsquo;il faut lire absolument lire. et de ce pas je vais aller acheter les tomes 3 et 4.<\/p>\n<p>&nbsp;<\/p>\n","protected":false},"excerpt":{"rendered":"<p>Airborne 44\u00a0T1 et T2 -Sc\u00e9nario :\u00a0Jarbinet, Philippe Dessin :\u00a0Jarbinet, Philippe Collection\u00a0: &#8211; Editeur :\u00a0Casterman &#8211; Date Parution : \u00a023\/09\/2009\u00a0(T1) et19\/10\/2010 (T2) Pagination : 46 (T1) et 46(T2) &#8211; ISBN :978-2-203-01372-8 \u00a0&amp;\u00a0978-2-203-01388-9 \u00a9Casterman 2009 Jarbinet L&rsquo;histoire : (Article r\u00e9cup\u00e9r\u00e9 du site BD gest) T1 &#8211; L\u00e0 o\u00f9 tombent les hommes D\u00e9cembre 1944 La bataille des Ardennes [&hellip;]<\/p>\n","protected":false},"author":2,"featured_media":0,"comment_status":"open","ping_status":"open","sticky":false,"template":"","format":"standard","meta":{"ngg_post_thumbnail":0,"jetpack_post_was_ever_published":false,"_jetpack_newsletter_access":"","_jetpack_dont_email_post_to_subs":false,"_jetpack_newsletter_tier_id":0,"_jetpack_memberships_contains_paywalled_content":false,"_vp_format_video_url":"","_vp_image_focal_point":[],"_jetpack_memberships_contains_paid_content":false,"footnotes":"","jetpack_publicize_message":"","jetpack_publicize_feature_enabled":true,"jetpack_social_post_already_shared":false,"jetpack_social_options":{"image_generator_settings":{"template":"highway","default_image_id":0,"font":"","enabled":false},"version":2}},"categories":[8,1],"tags":[222],"class_list":["post-748","post","type-post","status-publish","format-standard","hentry","category-bd","category-non-classe","tag-bd"],"jetpack_publicize_connections":[],"jetpack_featured_media_url":"","jetpack_sharing_enabled":true,"jetpack_shortlink":"https:\/\/wp.me\/pRCHL-c4","jetpack_likes_enabled":true,"_links":{"self":[{"href":"http:\/\/galipot.fr\/sitesfga\/blog\/wordpress\/index.php?rest_route=\/wp\/v2\/posts\/748","targetHints":{"allow":["GET"]}}],"collection":[{"href":"http:\/\/galipot.fr\/sitesfga\/blog\/wordpress\/index.php?rest_route=\/wp\/v2\/posts"}],"about":[{"href":"http:\/\/galipot.fr\/sitesfga\/blog\/wordpress\/index.php?rest_route=\/wp\/v2\/types\/post"}],"author":[{"embeddable":true,"href":"http:\/\/galipot.fr\/sitesfga\/blog\/wordpress\/index.php?rest_route=\/wp\/v2\/users\/2"}],"replies":[{"embeddable":true,"href":"http:\/\/galipot.fr\/sitesfga\/blog\/wordpress\/index.php?rest_route=%2Fwp%2Fv2%2Fcomments&post=748"}],"version-history":[{"count":8,"href":"http:\/\/galipot.fr\/sitesfga\/blog\/wordpress\/index.php?rest_route=\/wp\/v2\/posts\/748\/revisions"}],"predecessor-version":[{"id":775,"href":"http:\/\/galipot.fr\/sitesfga\/blog\/wordpress\/index.php?rest_route=\/wp\/v2\/posts\/748\/revisions\/775"}],"wp:attachment":[{"href":"http:\/\/galipot.fr\/sitesfga\/blog\/wordpress\/index.php?rest_route=%2Fwp%2Fv2%2Fmedia&parent=748"}],"wp:term":[{"taxonomy":"category","embeddable":true,"href":"http:\/\/galipot.fr\/sitesfga\/blog\/wordpress\/index.php?rest_route=%2Fwp%2Fv2%2Fcategories&post=748"},{"taxonomy":"post_tag","embeddable":true,"href":"http:\/\/galipot.fr\/sitesfga\/blog\/wordpress\/index.php?rest_route=%2Fwp%2Fv2%2Ftags&post=748"}],"curies":[{"name":"wp","href":"https:\/\/api.w.org\/{rel}","templated":true}]}}