{"id":5130,"date":"2019-12-21T16:34:00","date_gmt":"2019-12-21T15:34:00","guid":{"rendered":"http:\/\/galipot.fr\/sitesfga\/blog\/wordpress\/?p=5130"},"modified":"2019-12-20T16:59:14","modified_gmt":"2019-12-20T15:59:14","slug":"critique-chanson-douce","status":"publish","type":"post","link":"http:\/\/galipot.fr\/sitesfga\/blog\/wordpress\/?p=5130","title":{"rendered":"[Critique] &#8211; Chanson Douce"},"content":{"rendered":"\n<p>Autant l&rsquo;affiche me parle sur la f\u00ealure de cette femme autant le film m&rsquo;a laiss\u00e9 sur un go\u00fbt tr\u00e8s amer.<\/p>\n\n\n\n<p>L&rsquo;histoire de cette femme d\u00e9class\u00e9 socialement (tr\u00e8s bien jou\u00e9e par Karine Viard) qui semble ne vivre que pour l&rsquo;amour des enfants du couple de bobo parisiens (tout aussi bien interpr\u00e9t\u00e9) qui tourne en fait divers glauque ne m&rsquo;a pas du tout plu.<\/p>\n\n\n\n<p>L\u2019encha\u00eenement de sc\u00e9nettes juxtapos\u00e9es ne m&rsquo;a pas convaincu et surtout je n&rsquo;ai pas trouv\u00e9 le sujet du film : Maltraitance psychologique des enfants ? Fait Divers ? Critique sociale de la \u00ab\u00a0bobotitude uberisante \u00ab\u00a0&#8211; en un mot macronienne ? D\u00e9classement sociale d&rsquo;une femme ? Lente descente dans la folie ?  Je ne sais pas.<\/p>\n\n\n\n<p>Par contre j&rsquo;ai d\u00e9test\u00e9  cette utilisation des enfants. A une autre \u00e9poque dans les western les producteurs indiquaient : \u00ab\u00a0Aucun cheval n&rsquo;a \u00e9t\u00e9 bless\u00e9 ou maltrait\u00e9 dans ce film\u00a0\u00bb Aujourd&rsquo;hui dans \u00ab\u00a0Chanson Douce j\u2019esp\u00e8re :\u00a0\u00bb Qu&rsquo;aucun enfants n&rsquo;a \u00e9t\u00e9 maltrait\u00e9 dans ce film\u00a0\u00bb .<\/p>\n\n\n\n<p>En fait j&rsquo;ai eu l&rsquo;impression \u00e0 2 ou 3 moments (en autre la sc\u00e8ne du pot)  d\u2019\u00eatre voyeur de la maltraitance psychologique ou physique  de la petite fille ou du b\u00e9b\u00e9. Et m\u00eame si au cin\u00e9ma on peut donner <strong>\u00ab\u00a0l&rsquo;impression de\u00a0\u00bb<\/strong> les expressions et regards de tristesse ou de d\u00e9tresse  du b\u00e9b\u00e9 ou de la petite fille m&rsquo;ont souvent paru plus r\u00e9el que jou\u00e9  <\/p>\n\n\n\n<p>Donc film vraiment particulier &#8211; pas du tout fan<\/p>\n\n\n\n<p>[my_movie_db id=582895]   <\/p>\n","protected":false},"excerpt":{"rendered":"<p>Autant l&rsquo;affiche me parle sur la f\u00ealure de cette femme autant le film m&rsquo;a laiss\u00e9 sur un go\u00fbt tr\u00e8s amer. L&rsquo;histoire de cette femme d\u00e9class\u00e9 socialement (tr\u00e8s bien jou\u00e9e par Karine Viard) qui semble ne vivre que pour l&rsquo;amour des enfants du couple de bobo parisiens (tout aussi bien interpr\u00e9t\u00e9) qui tourne en fait divers [&hellip;]<\/p>\n","protected":false},"author":1,"featured_media":0,"comment_status":"open","ping_status":"open","sticky":false,"template":"","format":"standard","meta":{"ngg_post_thumbnail":0,"jetpack_post_was_ever_published":false,"_jetpack_newsletter_access":"","_jetpack_dont_email_post_to_subs":false,"_jetpack_newsletter_tier_id":0,"_jetpack_memberships_contains_paywalled_content":false,"_vp_format_video_url":"","_vp_image_focal_point":[],"_jetpack_memberships_contains_paid_content":false,"footnotes":"","jetpack_publicize_message":"","jetpack_publicize_feature_enabled":true,"jetpack_social_post_already_shared":true,"jetpack_social_options":{"image_generator_settings":{"template":"highway","default_image_id":0,"font":"","enabled":false},"version":2}},"categories":[256,257],"tags":[],"class_list":["post-5130","post","type-post","status-publish","format-standard","hentry","category-cinema","category-la-critique-du-projectionniste"],"jetpack_publicize_connections":[],"jetpack_featured_media_url":"","jetpack_sharing_enabled":true,"jetpack_shortlink":"https:\/\/wp.me\/pRCHL-1kK","jetpack_likes_enabled":true,"_links":{"self":[{"href":"http:\/\/galipot.fr\/sitesfga\/blog\/wordpress\/index.php?rest_route=\/wp\/v2\/posts\/5130","targetHints":{"allow":["GET"]}}],"collection":[{"href":"http:\/\/galipot.fr\/sitesfga\/blog\/wordpress\/index.php?rest_route=\/wp\/v2\/posts"}],"about":[{"href":"http:\/\/galipot.fr\/sitesfga\/blog\/wordpress\/index.php?rest_route=\/wp\/v2\/types\/post"}],"author":[{"embeddable":true,"href":"http:\/\/galipot.fr\/sitesfga\/blog\/wordpress\/index.php?rest_route=\/wp\/v2\/users\/1"}],"replies":[{"embeddable":true,"href":"http:\/\/galipot.fr\/sitesfga\/blog\/wordpress\/index.php?rest_route=%2Fwp%2Fv2%2Fcomments&post=5130"}],"version-history":[{"count":2,"href":"http:\/\/galipot.fr\/sitesfga\/blog\/wordpress\/index.php?rest_route=\/wp\/v2\/posts\/5130\/revisions"}],"predecessor-version":[{"id":5133,"href":"http:\/\/galipot.fr\/sitesfga\/blog\/wordpress\/index.php?rest_route=\/wp\/v2\/posts\/5130\/revisions\/5133"}],"wp:attachment":[{"href":"http:\/\/galipot.fr\/sitesfga\/blog\/wordpress\/index.php?rest_route=%2Fwp%2Fv2%2Fmedia&parent=5130"}],"wp:term":[{"taxonomy":"category","embeddable":true,"href":"http:\/\/galipot.fr\/sitesfga\/blog\/wordpress\/index.php?rest_route=%2Fwp%2Fv2%2Fcategories&post=5130"},{"taxonomy":"post_tag","embeddable":true,"href":"http:\/\/galipot.fr\/sitesfga\/blog\/wordpress\/index.php?rest_route=%2Fwp%2Fv2%2Ftags&post=5130"}],"curies":[{"name":"wp","href":"https:\/\/api.w.org\/{rel}","templated":true}]}}