{"id":375,"date":"2010-07-30T20:30:56","date_gmt":"2010-07-30T19:30:56","guid":{"rendered":"http:\/\/galipot.fr\/sitesfga\/blog\/wordpress\/?p=375"},"modified":"2011-07-12T15:22:55","modified_gmt":"2011-07-12T14:22:55","slug":"bd-tranquille-courage-2","status":"publish","type":"post","link":"http:\/\/galipot.fr\/sitesfga\/blog\/wordpress\/?p=375","title":{"rendered":"Bar \u00e0 BD : Tranquille Courage"},"content":{"rendered":"<div>\n<h1><a rel=\"attachment wp-att-377\" href=\"http:\/\/galipot.fr\/sitesfga\/blog\/wordpress\/?attachment_id=377\"><img fetchpriority=\"high\" decoding=\"async\" data-attachment-id=\"377\" data-permalink=\"http:\/\/galipot.fr\/sitesfga\/blog\/wordpress\/?attachment_id=377\" data-orig-file=\"http:\/\/galipot.fr\/sitesfga\/blog\/wordpress\/wp-content\/uploads\/2010\/07\/Tranquille-courage-tome-1.jpg\" data-orig-size=\"364,480\" data-comments-opened=\"1\" data-image-meta=\"{&quot;aperture&quot;:&quot;0&quot;,&quot;credit&quot;:&quot;&quot;,&quot;camera&quot;:&quot;&quot;,&quot;caption&quot;:&quot;&quot;,&quot;created_timestamp&quot;:&quot;0&quot;,&quot;copyright&quot;:&quot;&quot;,&quot;focal_length&quot;:&quot;0&quot;,&quot;iso&quot;:&quot;0&quot;,&quot;shutter_speed&quot;:&quot;0&quot;,&quot;title&quot;:&quot;&quot;}\" data-image-title=\"Tranquille courage T1\" data-image-description=\"\" data-image-caption=\"\" data-large-file=\"http:\/\/galipot.fr\/sitesfga\/blog\/wordpress\/wp-content\/uploads\/2010\/07\/Tranquille-courage-tome-1.jpg\" class=\"size-full wp-image-377 alignleft\" title=\"Tranquille courage T1\" src=\"http:\/\/galipot.fr\/sitesfga\/blog\/wordpress\/wp-content\/uploads\/2010\/07\/Tranquille-courage-tome-1.jpg\" alt=\"\" width=\"295\" height=\"389\" srcset=\"http:\/\/galipot.fr\/sitesfga\/blog\/wordpress\/wp-content\/uploads\/2010\/07\/Tranquille-courage-tome-1.jpg 364w, http:\/\/galipot.fr\/sitesfga\/blog\/wordpress\/wp-content\/uploads\/2010\/07\/Tranquille-courage-tome-1-227x300.jpg 227w\" sizes=\"(max-width: 295px) 100vw, 295px\" \/><\/a><a rel=\"attachment wp-att-378\" href=\"http:\/\/galipot.fr\/sitesfga\/blog\/wordpress\/?attachment_id=378\"><img decoding=\"async\" data-attachment-id=\"378\" data-permalink=\"http:\/\/galipot.fr\/sitesfga\/blog\/wordpress\/?attachment_id=378\" data-orig-file=\"http:\/\/galipot.fr\/sitesfga\/blog\/wordpress\/wp-content\/uploads\/2010\/07\/Tranquille-courage-tome-2.jpg\" data-orig-size=\"294,388\" data-comments-opened=\"1\" data-image-meta=\"{&quot;aperture&quot;:&quot;0&quot;,&quot;credit&quot;:&quot;&quot;,&quot;camera&quot;:&quot;&quot;,&quot;caption&quot;:&quot;&quot;,&quot;created_timestamp&quot;:&quot;0&quot;,&quot;copyright&quot;:&quot;&quot;,&quot;focal_length&quot;:&quot;0&quot;,&quot;iso&quot;:&quot;0&quot;,&quot;shutter_speed&quot;:&quot;0&quot;,&quot;title&quot;:&quot;&quot;}\" data-image-title=\"Tranquille courage T2\" data-image-description=\"\" data-image-caption=\"\" data-large-file=\"http:\/\/galipot.fr\/sitesfga\/blog\/wordpress\/wp-content\/uploads\/2010\/07\/Tranquille-courage-tome-2.jpg\" class=\"size-full wp-image-378 alignright\" title=\"Tranquille courage T2\" src=\"http:\/\/galipot.fr\/sitesfga\/blog\/wordpress\/wp-content\/uploads\/2010\/07\/Tranquille-courage-tome-2.jpg\" alt=\"\" width=\"294\" height=\"388\" srcset=\"http:\/\/galipot.fr\/sitesfga\/blog\/wordpress\/wp-content\/uploads\/2010\/07\/Tranquille-courage-tome-2.jpg 294w, http:\/\/galipot.fr\/sitesfga\/blog\/wordpress\/wp-content\/uploads\/2010\/07\/Tranquille-courage-tome-2-227x300.jpg 227w\" sizes=\"(max-width: 294px) 100vw, 294px\" \/><\/a><\/h1>\n<h1 style=\"text-align: center;\">Tranquille courage T1 et T2<\/h1>\n<p style=\"text-align: center;\">-Sc\u00e9nario : Merle Olivier<\/p>\n<p style=\"text-align: center;\">Dessin : Tefenkgi Alexandre<\/p>\n<p style=\"text-align: center;\">Collection\u00a0: \u00a0Grand Angle<\/p>\n<p style=\"text-align: center;\">Editeur : Bamboo<\/p>\n<p style=\"text-align: center;\">&#8211;<\/p>\n<p style=\"text-align: center;\">Date Parution : 06\/2009 (T1) et 05\/2010 (T2)<\/p>\n<p style=\"text-align: center;\">Pagination : 46 (T1) et 54(T2)<\/p>\n<p style=\"text-align: center;\">&#8211;<\/p>\n<p style=\"text-align: center;\">ISBN :978-2-350-78667-4\u00a0\u00a0&amp; 978-2-350-78933-0<\/p>\n<p style=\"text-align: center;\">\u00a9Bamboo 2009 Tefenkgi\/Merle<\/p>\n<h2>L&rsquo;histoire :<\/h2>\n<p>Au printemps 1944, m\u00eame dans la campagne environnante d\u2019Avranches et de Brecey, l\u2019occupation est pr\u00e9gnante. Quand les \u00ab Chleuhs \u00bb ne viennent pas soutirer du calva ou des \u0153ufs pour leurs petites f\u00eates, ils r\u00e9quisitionnent les hommes pour garder, la nuit, les lignes t\u00e9l\u00e9phoniques. Auguste Briant, fermier, est souvent de la partie avec ses coll\u00e8gues et quelques bouteilles de calva\u2026 ce qui lui vaut de rentrer souvent ivre au petit matin. Un jour, une pluie de tracts annonce ce que tous attendent avec jubilation : le d\u00e9barquement est imminent, les populations sont invit\u00e9es \u00e0 fuir les villes. Le 10 juin, tandis que la ville d\u2019Avranches est copieusement arros\u00e9e de bombes, Ren\u00e9 et Bernard, les fils d\u2019Auguste, sont occup\u00e9s \u00e0 traire leurs vaches. Soudain, un avion P47 Thunderbolt passe en rase-motte au dessus de leurs t\u00eates, en perdition, gravement endommag\u00e9 par les tirs de DCA allemands. Le soir m\u00eame, la Manon, une voisine dit \u00e0 Auguste avoir aper\u00e7u le pilote se r\u00e9fugier dans une de ses granges. La nuit tomb\u00e9e, le p\u00e8re s\u2019y rend, une fourche \u00e0 la main et surprend effectivement l\u2019am\u00e9ricain apeur\u00e9, m\u00e9fiant, quelques c\u00f4tes cass\u00e9es. Il le nourrit et d\u00e9cide de continuer \u00e0 le cacher aux autorit\u00e9s allemandes, malgr\u00e9 les risques\u2026<\/p>\n<h2>Mon avis :<\/h2>\n<p>Cette mini s\u00e9rie en 2 volets est tr\u00e8s plaisante. Elle raconte l&rsquo;histoire de ces\u00a0h\u00e9ros\u00a0ordinaires\u00a0en\u00a0temps de guerre. Cette histoire ma\u00a0particuli\u00e8rement\u00a0interpell\u00e9e \u00a0car ma famille est aussi originaire de cette r\u00e9gion d&rsquo;Avranches &#8211; Brecey. Et que ce r\u00e9cit m&rsquo;a \u00e9t\u00e9 rapport\u00e9 (bien que d\u00e9form\u00e9) \u00a0dans ma jeunesse<\/p>\n<h2><span style=\"text-decoration: underline;\">En conclusion :<\/span><\/h2>\n<p>Ce diptyque imagin\u00e9 par Olivier Merle est original parce que l&rsquo;histoire prend sa source dans le pass\u00e9 familial de la compagne du sc\u00e9nariste, petite-fille d\u2019Auguste Briant. Le dessin est plaisant et\u00a0extr\u00eamement\u00a0soign\u00e9. Une s\u00e9rie plaisante et qu&rsquo;il faut lire.<\/p>\n<\/div>\n","protected":false},"excerpt":{"rendered":"<p>Tranquille courage T1 et T2 -Sc\u00e9nario : Merle Olivier Dessin : Tefenkgi Alexandre Collection\u00a0: \u00a0Grand Angle Editeur : Bamboo &#8211; Date Parution : 06\/2009 (T1) et 05\/2010 (T2) Pagination : 46 (T1) et 54(T2) &#8211; ISBN :978-2-350-78667-4\u00a0\u00a0&amp; 978-2-350-78933-0 \u00a9Bamboo 2009 Tefenkgi\/Merle L&rsquo;histoire : Au printemps 1944, m\u00eame dans la campagne environnante d\u2019Avranches et de Brecey, [&hellip;]<\/p>\n","protected":false},"author":2,"featured_media":0,"comment_status":"open","ping_status":"open","sticky":false,"template":"","format":"standard","meta":{"ngg_post_thumbnail":0,"jetpack_post_was_ever_published":false,"_jetpack_newsletter_access":"","_jetpack_dont_email_post_to_subs":false,"_jetpack_newsletter_tier_id":0,"_jetpack_memberships_contains_paywalled_content":false,"_vp_format_video_url":"","_vp_image_focal_point":[],"_jetpack_memberships_contains_paid_content":false,"footnotes":"","jetpack_publicize_message":"","jetpack_publicize_feature_enabled":true,"jetpack_social_post_already_shared":false,"jetpack_social_options":{"image_generator_settings":{"template":"highway","default_image_id":0,"font":"","enabled":false},"version":2}},"categories":[8],"tags":[222,227],"class_list":["post-375","post","type-post","status-publish","format-standard","hentry","category-bd","tag-bd","tag-critique"],"jetpack_publicize_connections":[],"jetpack_featured_media_url":"","jetpack_sharing_enabled":true,"jetpack_shortlink":"https:\/\/wp.me\/pRCHL-63","jetpack_likes_enabled":true,"_links":{"self":[{"href":"http:\/\/galipot.fr\/sitesfga\/blog\/wordpress\/index.php?rest_route=\/wp\/v2\/posts\/375","targetHints":{"allow":["GET"]}}],"collection":[{"href":"http:\/\/galipot.fr\/sitesfga\/blog\/wordpress\/index.php?rest_route=\/wp\/v2\/posts"}],"about":[{"href":"http:\/\/galipot.fr\/sitesfga\/blog\/wordpress\/index.php?rest_route=\/wp\/v2\/types\/post"}],"author":[{"embeddable":true,"href":"http:\/\/galipot.fr\/sitesfga\/blog\/wordpress\/index.php?rest_route=\/wp\/v2\/users\/2"}],"replies":[{"embeddable":true,"href":"http:\/\/galipot.fr\/sitesfga\/blog\/wordpress\/index.php?rest_route=%2Fwp%2Fv2%2Fcomments&post=375"}],"version-history":[{"count":13,"href":"http:\/\/galipot.fr\/sitesfga\/blog\/wordpress\/index.php?rest_route=\/wp\/v2\/posts\/375\/revisions"}],"predecessor-version":[{"id":576,"href":"http:\/\/galipot.fr\/sitesfga\/blog\/wordpress\/index.php?rest_route=\/wp\/v2\/posts\/375\/revisions\/576"}],"wp:attachment":[{"href":"http:\/\/galipot.fr\/sitesfga\/blog\/wordpress\/index.php?rest_route=%2Fwp%2Fv2%2Fmedia&parent=375"}],"wp:term":[{"taxonomy":"category","embeddable":true,"href":"http:\/\/galipot.fr\/sitesfga\/blog\/wordpress\/index.php?rest_route=%2Fwp%2Fv2%2Fcategories&post=375"},{"taxonomy":"post_tag","embeddable":true,"href":"http:\/\/galipot.fr\/sitesfga\/blog\/wordpress\/index.php?rest_route=%2Fwp%2Fv2%2Ftags&post=375"}],"curies":[{"name":"wp","href":"https:\/\/api.w.org\/{rel}","templated":true}]}}