{"id":3474,"date":"2015-03-28T17:20:22","date_gmt":"2015-03-28T16:20:22","guid":{"rendered":"http:\/\/galipot.fr\/sitesfga\/blog\/wordpress\/?p=3474"},"modified":"2015-03-28T17:20:22","modified_gmt":"2015-03-28T16:20:22","slug":"technique-photo","status":"publish","type":"post","link":"http:\/\/galipot.fr\/sitesfga\/blog\/wordpress\/?p=3474","title":{"rendered":"Technique Photo"},"content":{"rendered":"<p>Cela fait tr\u00e8s longtemps que j&rsquo;essaye de faire des photos en pose longue. Les quelques essais r\u00e9alis\u00e9s ne m&rsquo;avait jusqu&rsquo;\u00e0 pr\u00e9sent pas satisfait.<\/p>\n<p>Cette semaine j&rsquo;ai eu la chance de pouvoir aller le soir sur les cotes de Ploumanach et donc de retenter l\u2019exp\u00e9rience.<\/p>\n<p>Voici 2 exemples de ce que j&rsquo;ai pris.<\/p>\n<p><a href=\"http:\/\/galipot.fr\/sitesfga\/blog\/wordpress\/wp-content\/uploads\/2015\/03\/500px-24032015-_MG_1267-sans-titre-ISO-100-25-mm-00021.jpg\" rel=\"lightbox[3474]\"><img fetchpriority=\"high\" decoding=\"async\" data-attachment-id=\"3454\" data-permalink=\"http:\/\/galipot.fr\/sitesfga\/blog\/wordpress\/?attachment_id=3454\" data-orig-file=\"http:\/\/galipot.fr\/sitesfga\/blog\/wordpress\/wp-content\/uploads\/2015\/03\/500px-24032015-_MG_1267-sans-titre-ISO-100-25-mm-00021.jpg\" data-orig-size=\"2000,1328\" data-comments-opened=\"1\" data-image-meta=\"{&quot;aperture&quot;:&quot;22&quot;,&quot;credit&quot;:&quot;Francis Galipot&quot;,&quot;camera&quot;:&quot;Canon EOS 40D&quot;,&quot;caption&quot;:&quot;&quot;,&quot;created_timestamp&quot;:&quot;1427223607&quot;,&quot;copyright&quot;:&quot;Francis Galipot&quot;,&quot;focal_length&quot;:&quot;25&quot;,&quot;iso&quot;:&quot;100&quot;,&quot;shutter_speed&quot;:&quot;106&quot;,&quot;title&quot;:&quot;&quot;,&quot;orientation&quot;:&quot;0&quot;}\" data-image-title=\"500px-24032015-_MG_1267-sans titre-ISO 100-25 mm-00021\" data-image-description=\"\" data-image-caption=\"\" data-large-file=\"http:\/\/galipot.fr\/sitesfga\/blog\/wordpress\/wp-content\/uploads\/2015\/03\/500px-24032015-_MG_1267-sans-titre-ISO-100-25-mm-00021-1024x680.jpg\" class=\"alignnone size-medium wp-image-3454\" src=\"http:\/\/galipot.fr\/sitesfga\/blog\/wordpress\/wp-content\/uploads\/2015\/03\/500px-24032015-_MG_1267-sans-titre-ISO-100-25-mm-00021-300x199.jpg\" alt=\"500px-24032015-_MG_1267-sans titre-ISO 100-25 mm-00021\" width=\"300\" height=\"199\" srcset=\"http:\/\/galipot.fr\/sitesfga\/blog\/wordpress\/wp-content\/uploads\/2015\/03\/500px-24032015-_MG_1267-sans-titre-ISO-100-25-mm-00021-300x199.jpg 300w, http:\/\/galipot.fr\/sitesfga\/blog\/wordpress\/wp-content\/uploads\/2015\/03\/500px-24032015-_MG_1267-sans-titre-ISO-100-25-mm-00021-1024x680.jpg 1024w, http:\/\/galipot.fr\/sitesfga\/blog\/wordpress\/wp-content\/uploads\/2015\/03\/500px-24032015-_MG_1267-sans-titre-ISO-100-25-mm-00021.jpg 2000w\" sizes=\"(max-width: 300px) 100vw, 300px\" \/><\/a>\u00a0 \u00a0<a href=\"http:\/\/galipot.fr\/sitesfga\/blog\/wordpress\/wp-content\/uploads\/2015\/03\/500px-25032015-_MG_1330-sans-titre-ISO-100-30-mm-00021.jpg\" rel=\"lightbox[3474]\"><img decoding=\"async\" data-attachment-id=\"3456\" data-permalink=\"http:\/\/galipot.fr\/sitesfga\/blog\/wordpress\/?attachment_id=3456\" data-orig-file=\"http:\/\/galipot.fr\/sitesfga\/blog\/wordpress\/wp-content\/uploads\/2015\/03\/500px-25032015-_MG_1330-sans-titre-ISO-100-30-mm-00021.jpg\" data-orig-size=\"2000,1333\" data-comments-opened=\"1\" data-image-meta=\"{&quot;aperture&quot;:&quot;22&quot;,&quot;credit&quot;:&quot;Francis Galipot&quot;,&quot;camera&quot;:&quot;Canon EOS 40D&quot;,&quot;caption&quot;:&quot;&quot;,&quot;created_timestamp&quot;:&quot;1427308157&quot;,&quot;copyright&quot;:&quot;Francis Galipot&quot;,&quot;focal_length&quot;:&quot;30&quot;,&quot;iso&quot;:&quot;100&quot;,&quot;shutter_speed&quot;:&quot;84&quot;,&quot;title&quot;:&quot;&quot;,&quot;orientation&quot;:&quot;0&quot;}\" data-image-title=\"500px-25032015-_MG_1330-sans titre-ISO 100-30 mm-00021\" data-image-description=\"\" data-image-caption=\"\" data-large-file=\"http:\/\/galipot.fr\/sitesfga\/blog\/wordpress\/wp-content\/uploads\/2015\/03\/500px-25032015-_MG_1330-sans-titre-ISO-100-30-mm-00021-1024x682.jpg\" class=\"alignnone size-medium wp-image-3456\" src=\"http:\/\/galipot.fr\/sitesfga\/blog\/wordpress\/wp-content\/uploads\/2015\/03\/500px-25032015-_MG_1330-sans-titre-ISO-100-30-mm-00021-300x200.jpg\" alt=\"500px-25032015-_MG_1330-sans titre-ISO 100-30 mm-00021\" width=\"300\" height=\"200\" srcset=\"http:\/\/galipot.fr\/sitesfga\/blog\/wordpress\/wp-content\/uploads\/2015\/03\/500px-25032015-_MG_1330-sans-titre-ISO-100-30-mm-00021-300x200.jpg 300w, http:\/\/galipot.fr\/sitesfga\/blog\/wordpress\/wp-content\/uploads\/2015\/03\/500px-25032015-_MG_1330-sans-titre-ISO-100-30-mm-00021-1024x682.jpg 1024w, http:\/\/galipot.fr\/sitesfga\/blog\/wordpress\/wp-content\/uploads\/2015\/03\/500px-25032015-_MG_1330-sans-titre-ISO-100-30-mm-00021.jpg 2000w\" sizes=\"(max-width: 300px) 100vw, 300px\" \/><\/a><\/p>\n","protected":false},"excerpt":{"rendered":"<p>Cela fait tr\u00e8s longtemps que j&rsquo;essaye de faire des photos en pose longue. Les quelques essais r\u00e9alis\u00e9s ne m&rsquo;avait jusqu&rsquo;\u00e0 pr\u00e9sent pas satisfait. Cette semaine j&rsquo;ai eu la chance de pouvoir aller le soir sur les cotes de Ploumanach et donc de retenter l\u2019exp\u00e9rience. Voici 2 exemples de ce que j&rsquo;ai pris. \u00a0 \u00a0<\/p>\n","protected":false},"author":2,"featured_media":0,"comment_status":"open","ping_status":"open","sticky":false,"template":"","format":"standard","meta":{"ngg_post_thumbnail":0,"jetpack_post_was_ever_published":false,"_jetpack_newsletter_access":"","_jetpack_dont_email_post_to_subs":false,"_jetpack_newsletter_tier_id":0,"_jetpack_memberships_contains_paywalled_content":false,"_vp_format_video_url":"","_vp_image_focal_point":[],"_jetpack_memberships_contains_paid_content":false,"footnotes":"","jetpack_publicize_message":"Technique Photo","jetpack_publicize_feature_enabled":true,"jetpack_social_post_already_shared":true,"jetpack_social_options":{"image_generator_settings":{"template":"highway","default_image_id":0,"font":"","enabled":false},"version":2}},"categories":[65,5],"tags":[204,236,15,202,18,203],"class_list":["post-3474","post","type-post","status-publish","format-standard","hentry","category-blogdelours","category-photo-du-jour","tag-204","tag-bretagne","tag-couleur","tag-mer","tag-paysage","tag-pose-lente"],"jetpack_publicize_connections":[],"jetpack_featured_media_url":"","jetpack_sharing_enabled":true,"jetpack_shortlink":"https:\/\/wp.me\/pRCHL-U2","jetpack_likes_enabled":true,"_links":{"self":[{"href":"http:\/\/galipot.fr\/sitesfga\/blog\/wordpress\/index.php?rest_route=\/wp\/v2\/posts\/3474","targetHints":{"allow":["GET"]}}],"collection":[{"href":"http:\/\/galipot.fr\/sitesfga\/blog\/wordpress\/index.php?rest_route=\/wp\/v2\/posts"}],"about":[{"href":"http:\/\/galipot.fr\/sitesfga\/blog\/wordpress\/index.php?rest_route=\/wp\/v2\/types\/post"}],"author":[{"embeddable":true,"href":"http:\/\/galipot.fr\/sitesfga\/blog\/wordpress\/index.php?rest_route=\/wp\/v2\/users\/2"}],"replies":[{"embeddable":true,"href":"http:\/\/galipot.fr\/sitesfga\/blog\/wordpress\/index.php?rest_route=%2Fwp%2Fv2%2Fcomments&post=3474"}],"version-history":[{"count":1,"href":"http:\/\/galipot.fr\/sitesfga\/blog\/wordpress\/index.php?rest_route=\/wp\/v2\/posts\/3474\/revisions"}],"predecessor-version":[{"id":3475,"href":"http:\/\/galipot.fr\/sitesfga\/blog\/wordpress\/index.php?rest_route=\/wp\/v2\/posts\/3474\/revisions\/3475"}],"wp:attachment":[{"href":"http:\/\/galipot.fr\/sitesfga\/blog\/wordpress\/index.php?rest_route=%2Fwp%2Fv2%2Fmedia&parent=3474"}],"wp:term":[{"taxonomy":"category","embeddable":true,"href":"http:\/\/galipot.fr\/sitesfga\/blog\/wordpress\/index.php?rest_route=%2Fwp%2Fv2%2Fcategories&post=3474"},{"taxonomy":"post_tag","embeddable":true,"href":"http:\/\/galipot.fr\/sitesfga\/blog\/wordpress\/index.php?rest_route=%2Fwp%2Fv2%2Ftags&post=3474"}],"curies":[{"name":"wp","href":"https:\/\/api.w.org\/{rel}","templated":true}]}}