{"id":3048,"date":"2013-06-09T11:54:38","date_gmt":"2013-06-09T10:54:38","guid":{"rendered":"http:\/\/galipot.fr\/sitesfga\/blog\/wordpress\/?p=3048"},"modified":"2013-06-09T12:02:50","modified_gmt":"2013-06-09T11:02:50","slug":"auto-promo","status":"publish","type":"post","link":"http:\/\/galipot.fr\/sitesfga\/blog\/wordpress\/?p=3048","title":{"rendered":"Auto promo :-)"},"content":{"rendered":"<p>Un peu d&rsquo;auto promo aujourd&rsquo;hui.<\/p>\n<p>Dans le cadre de l&rsquo;exposition \u00ab\u00a0S\u00e9r\u00e9nit\u00e9\u00a0\u00bb organis\u00e9e par le photo club de Villiers sur Orge &#8211; <a href=\"http:\/\/www.villiers-sur-orge.fr\/spip.php?article218\">Focale 91<\/a> . Photoclub faisant partie <a href=\"http:\/\/www.cdp91.fr\/\">Comit\u00e9 D\u00e9partemental Photographique de l&rsquo;Essonne\u00a0(CDP91)<\/a> \u00a0J&rsquo;ai eu l&rsquo;honneur d&rsquo;\u00eatre r\u00e9compens\u00e9 des prix suivants :<\/p>\n<ul>\n<li>Le prix de la ville<\/li>\n<li>1er \u00a0prix du Jury, Cat\u00e9gorie \u00ab\u00a0Couleur\u00a0\u00bb<\/li>\n<li>Le prix du Public,\u00a0Cat\u00e9gorie \u00ab\u00a0Couleur\u00a0\u00bb<\/li>\n<\/ul>\n<p>Pour la photo suivante :<\/p>\n<figure id=\"attachment_2848\" aria-describedby=\"caption-attachment-2848\" style=\"width: 614px\" class=\"wp-caption aligncenter\"><a href=\"http:\/\/galipot.fr\/sitesfga\/blog\/wordpress\/wp-content\/uploads\/2013\/05\/Web_Francis-IMG_2012_10_28_0023-000011.jpg\" rel=\"lightbox[3048]\"><img fetchpriority=\"high\" decoding=\"async\" data-attachment-id=\"2848\" data-permalink=\"http:\/\/galipot.fr\/sitesfga\/blog\/wordpress\/?attachment_id=2848\" data-orig-file=\"http:\/\/galipot.fr\/sitesfga\/blog\/wordpress\/wp-content\/uploads\/2013\/05\/Web_Francis-IMG_2012_10_28_0023-000011.jpg\" data-orig-size=\"1200,800\" data-comments-opened=\"1\" data-image-meta=\"{&quot;aperture&quot;:&quot;0&quot;,&quot;credit&quot;:&quot;&quot;,&quot;camera&quot;:&quot;&quot;,&quot;caption&quot;:&quot;&quot;,&quot;created_timestamp&quot;:&quot;0&quot;,&quot;copyright&quot;:&quot;&quot;,&quot;focal_length&quot;:&quot;0&quot;,&quot;iso&quot;:&quot;0&quot;,&quot;shutter_speed&quot;:&quot;0&quot;,&quot;title&quot;:&quot;&quot;}\" data-image-title=\"Web_Francis-IMG_2012_10_28_0023-00001\" data-image-description=\"\" data-image-caption=\"&lt;p&gt;Lac d&amp;rsquo;azur le matin&lt;\/p&gt;\n\" data-large-file=\"http:\/\/galipot.fr\/sitesfga\/blog\/wordpress\/wp-content\/uploads\/2013\/05\/Web_Francis-IMG_2012_10_28_0023-000011-1024x682.jpg\" class=\" wp-image-2848 \" alt=\"Lac d'azur le matin\" src=\"http:\/\/galipot.fr\/sitesfga\/blog\/wordpress\/wp-content\/uploads\/2013\/05\/Web_Francis-IMG_2012_10_28_0023-000011-1024x682.jpg\" width=\"614\" height=\"409\" srcset=\"http:\/\/galipot.fr\/sitesfga\/blog\/wordpress\/wp-content\/uploads\/2013\/05\/Web_Francis-IMG_2012_10_28_0023-000011-1024x682.jpg 1024w, http:\/\/galipot.fr\/sitesfga\/blog\/wordpress\/wp-content\/uploads\/2013\/05\/Web_Francis-IMG_2012_10_28_0023-000011-300x200.jpg 300w, http:\/\/galipot.fr\/sitesfga\/blog\/wordpress\/wp-content\/uploads\/2013\/05\/Web_Francis-IMG_2012_10_28_0023-000011.jpg 1200w\" sizes=\"(max-width: 614px) 100vw, 614px\" \/><\/a><figcaption id=\"caption-attachment-2848\" class=\"wp-caption-text\">Lac d&rsquo;azur le matin<\/figcaption><\/figure>\n<p>Je suis particuli\u00e8rement touch\u00e9 que cette photo soit r\u00e9compens\u00e9, car c&rsquo;est un endroit que j&rsquo;aime beaucoup dans le Sud des Landes.<\/p>\n<p>Pour la petite histoire c&rsquo;est une photo prise au mois de mars 2013, vers 7H30 un matin, ou le soleil tentait de percer dans la brume matinale, pour d\u00e9geler les pontons de bois sur ce Lac.<\/p>\n<p>Je tiens \u00e0 remercier la Focale 91, pour cette exposition et les remercie des tr\u00e8s beaux livres r\u00e9compensant ces prix.<\/p>\n<p>Enfin je voudrais remercier 3 personnes du photoclub de Ballainvilliers en particulier, <strong>Christine<\/strong> et\u00a0<strong>G\u00e9rard<\/strong> d&rsquo;avoir pris le temps d\u2019emmener et d&rsquo;afficher mes photos pour cette exposition, et <strong>Charles<\/strong> de m&rsquo;avoir rappel\u00e9 cette photo qui lui semblait correspondre au th\u00e8me propos\u00e9 par La Focale 91. Mais aussi tous les autres membres du Photo Club qui part leurs encouragements et soutiens me pousse \u00e0 plus penser mes photos, que de d\u00e9clencher sur tout ce que je vois.<\/p>\n<p>Avec vous je progresse encore et encore, alors merci \u00e0 vous pour tous ces \u00e9changes<\/p>\n<p>&nbsp;<\/p>\n<p>&nbsp;<\/p>\n","protected":false},"excerpt":{"rendered":"<p>Un peu d&rsquo;auto promo aujourd&rsquo;hui. Dans le cadre de l&rsquo;exposition \u00ab\u00a0S\u00e9r\u00e9nit\u00e9\u00a0\u00bb organis\u00e9e par le photo club de Villiers sur Orge &#8211; Focale 91 . Photoclub faisant partie Comit\u00e9 D\u00e9partemental Photographique de l&rsquo;Essonne\u00a0(CDP91) \u00a0J&rsquo;ai eu l&rsquo;honneur d&rsquo;\u00eatre r\u00e9compens\u00e9 des prix suivants : Le prix de la ville 1er \u00a0prix du Jury, Cat\u00e9gorie \u00ab\u00a0Couleur\u00a0\u00bb Le prix du [&hellip;]<\/p>\n","protected":false},"author":1,"featured_media":0,"comment_status":"open","ping_status":"open","sticky":false,"template":"","format":"standard","meta":{"ngg_post_thumbnail":0,"jetpack_post_was_ever_published":false,"_jetpack_newsletter_access":"","_jetpack_dont_email_post_to_subs":false,"_jetpack_newsletter_tier_id":0,"_jetpack_memberships_contains_paywalled_content":false,"_vp_format_video_url":"","_vp_image_focal_point":[],"_jetpack_memberships_contains_paid_content":false,"footnotes":"","jetpack_publicize_message":"Auto promo :-)","jetpack_publicize_feature_enabled":true,"jetpack_social_post_already_shared":true,"jetpack_social_options":{"image_generator_settings":{"template":"highway","default_image_id":0,"font":"","enabled":false},"version":2}},"categories":[65,10,5,6],"tags":[15,17,226,18,52],"class_list":["post-3048","post","type-post","status-publish","format-standard","hentry","category-blogdelours","category-humeur","category-photo-du-jour","category-photographie","tag-couleur","tag-francis","tag-landes","tag-paysage","tag-sud-ouest"],"jetpack_publicize_connections":[],"jetpack_featured_media_url":"","jetpack_sharing_enabled":true,"jetpack_shortlink":"https:\/\/wp.me\/pRCHL-Na","jetpack_likes_enabled":true,"_links":{"self":[{"href":"http:\/\/galipot.fr\/sitesfga\/blog\/wordpress\/index.php?rest_route=\/wp\/v2\/posts\/3048","targetHints":{"allow":["GET"]}}],"collection":[{"href":"http:\/\/galipot.fr\/sitesfga\/blog\/wordpress\/index.php?rest_route=\/wp\/v2\/posts"}],"about":[{"href":"http:\/\/galipot.fr\/sitesfga\/blog\/wordpress\/index.php?rest_route=\/wp\/v2\/types\/post"}],"author":[{"embeddable":true,"href":"http:\/\/galipot.fr\/sitesfga\/blog\/wordpress\/index.php?rest_route=\/wp\/v2\/users\/1"}],"replies":[{"embeddable":true,"href":"http:\/\/galipot.fr\/sitesfga\/blog\/wordpress\/index.php?rest_route=%2Fwp%2Fv2%2Fcomments&post=3048"}],"version-history":[{"count":4,"href":"http:\/\/galipot.fr\/sitesfga\/blog\/wordpress\/index.php?rest_route=\/wp\/v2\/posts\/3048\/revisions"}],"predecessor-version":[{"id":3050,"href":"http:\/\/galipot.fr\/sitesfga\/blog\/wordpress\/index.php?rest_route=\/wp\/v2\/posts\/3048\/revisions\/3050"}],"wp:attachment":[{"href":"http:\/\/galipot.fr\/sitesfga\/blog\/wordpress\/index.php?rest_route=%2Fwp%2Fv2%2Fmedia&parent=3048"}],"wp:term":[{"taxonomy":"category","embeddable":true,"href":"http:\/\/galipot.fr\/sitesfga\/blog\/wordpress\/index.php?rest_route=%2Fwp%2Fv2%2Fcategories&post=3048"},{"taxonomy":"post_tag","embeddable":true,"href":"http:\/\/galipot.fr\/sitesfga\/blog\/wordpress\/index.php?rest_route=%2Fwp%2Fv2%2Ftags&post=3048"}],"curies":[{"name":"wp","href":"https:\/\/api.w.org\/{rel}","templated":true}]}}