{"id":142,"date":"2010-03-19T19:09:48","date_gmt":"2010-03-19T18:09:48","guid":{"rendered":"http:\/\/galipot.fr\/sitesfga\/blog\/wordpress\/?p=142"},"modified":"2010-04-09T10:18:36","modified_gmt":"2010-04-09T09:18:36","slug":"photo-du-jour-9","status":"publish","type":"post","link":"http:\/\/galipot.fr\/sitesfga\/blog\/wordpress\/?p=142","title":{"rendered":"Jour de p\u00eache"},"content":{"rendered":"<figure style=\"width: 323px\" class=\"wp-caption aligncenter\"><a href=\"http:\/\/galipot.fr\/sitesfga\/blog\/wordpress\/wp-content\/gallery\/paysages\/img_3755_dddp_cnx-custom.jpg\" rel=\"lightbox[142]\"><img fetchpriority=\"high\" decoding=\"async\" class=\"ngg-singlepic ngg-center   \" title=\"Le p\u00e9cheur\" src=\"http:\/\/galipot.fr\/sitesfga\/blog\/wordpress\/wp-content\/gallery\/paysages\/img_3755_dddp_cnx-custom.jpg\" alt=\"Le p\u00e9cheur\" width=\"323\" height=\"215\" \/><\/a><figcaption class=\"wp-caption-text\">Le p\u00e9cheur<\/figcaption><\/figure>\n<p>Vieux-boucau (40) : Un p\u00e9cheur sur la digne \u00e0 l&rsquo;entr\u00e9e du lac de Vieux-boucau.<\/p>\n","protected":false},"excerpt":{"rendered":"<p>Vieux-boucau (40) : Un p\u00e9cheur sur la digne \u00e0 l&rsquo;entr\u00e9e du lac de Vieux-boucau.<\/p>\n","protected":false},"author":2,"featured_media":0,"comment_status":"open","ping_status":"open","sticky":false,"template":"","format":"standard","meta":{"ngg_post_thumbnail":0,"jetpack_post_was_ever_published":false,"_jetpack_newsletter_access":"","_jetpack_dont_email_post_to_subs":false,"_jetpack_newsletter_tier_id":0,"_jetpack_memberships_contains_paywalled_content":false,"_vp_format_video_url":"","_vp_image_focal_point":[],"_jetpack_memberships_contains_paid_content":false,"footnotes":"","jetpack_publicize_message":"","jetpack_publicize_feature_enabled":true,"jetpack_social_post_already_shared":false,"jetpack_social_options":{"image_generator_settings":{"template":"highway","default_image_id":0,"font":"","enabled":false},"version":2}},"categories":[5],"tags":[15,226,18],"class_list":["post-142","post","type-post","status-publish","format-standard","hentry","category-photo-du-jour","tag-couleur","tag-landes","tag-paysage"],"jetpack_publicize_connections":[],"jetpack_featured_media_url":"","jetpack_sharing_enabled":true,"jetpack_shortlink":"https:\/\/wp.me\/pRCHL-2i","jetpack_likes_enabled":true,"_links":{"self":[{"href":"http:\/\/galipot.fr\/sitesfga\/blog\/wordpress\/index.php?rest_route=\/wp\/v2\/posts\/142","targetHints":{"allow":["GET"]}}],"collection":[{"href":"http:\/\/galipot.fr\/sitesfga\/blog\/wordpress\/index.php?rest_route=\/wp\/v2\/posts"}],"about":[{"href":"http:\/\/galipot.fr\/sitesfga\/blog\/wordpress\/index.php?rest_route=\/wp\/v2\/types\/post"}],"author":[{"embeddable":true,"href":"http:\/\/galipot.fr\/sitesfga\/blog\/wordpress\/index.php?rest_route=\/wp\/v2\/users\/2"}],"replies":[{"embeddable":true,"href":"http:\/\/galipot.fr\/sitesfga\/blog\/wordpress\/index.php?rest_route=%2Fwp%2Fv2%2Fcomments&post=142"}],"version-history":[{"count":9,"href":"http:\/\/galipot.fr\/sitesfga\/blog\/wordpress\/index.php?rest_route=\/wp\/v2\/posts\/142\/revisions"}],"predecessor-version":[{"id":297,"href":"http:\/\/galipot.fr\/sitesfga\/blog\/wordpress\/index.php?rest_route=\/wp\/v2\/posts\/142\/revisions\/297"}],"wp:attachment":[{"href":"http:\/\/galipot.fr\/sitesfga\/blog\/wordpress\/index.php?rest_route=%2Fwp%2Fv2%2Fmedia&parent=142"}],"wp:term":[{"taxonomy":"category","embeddable":true,"href":"http:\/\/galipot.fr\/sitesfga\/blog\/wordpress\/index.php?rest_route=%2Fwp%2Fv2%2Fcategories&post=142"},{"taxonomy":"post_tag","embeddable":true,"href":"http:\/\/galipot.fr\/sitesfga\/blog\/wordpress\/index.php?rest_route=%2Fwp%2Fv2%2Ftags&post=142"}],"curies":[{"name":"wp","href":"https:\/\/api.w.org\/{rel}","templated":true}]}}